{"id":1236,"date":"2023-02-06T17:21:22","date_gmt":"2023-02-06T16:21:22","guid":{"rendered":"https:\/\/www.exactaspa.it\/?p=1236"},"modified":"2026-04-02T10:01:28","modified_gmt":"2026-04-02T08:01:28","slug":"exacta-adotta-il-modello-di-organizzazione-gestione-e-controllo-ex-d-lgs-231-2001","status":"publish","type":"post","link":"https:\/\/www.exactaspa.it\/index.php\/2023\/02\/06\/exacta-adotta-il-modello-di-organizzazione-gestione-e-controllo-ex-d-lgs-231-2001\/","title":{"rendered":"Exacta adotta il Modello di Organizzazione, Gestione e Controllo ex D. Lgs. 231\/2001"},"content":{"rendered":"\n<p>L\u2019accezione \u201c<strong>Modello di organizzazione, gestione e controllo<\/strong>\u201d o, pi\u00f9 semplicemente, \u201c<strong>Modello 231<\/strong>\u201d fa riferimento a tutto il complesso organizzativo e di atti, regole, procedure e modalit\u00e0 operative adottati dagli Enti in seguito al recepimento del Decreto Legislativo 8 giugno 2001 n. 231, che introduce la \u201cdisciplina della responsabilit\u00e0 amministrativa delle persone giuridiche, delle societ\u00e0 e delle associazioni anche prive di personalit\u00e0 giuridica per gli illeciti amministrativi dipendenti da reato\u201d, adeguando la normativa italiana in materia di responsabilit\u00e0 delle persone giuridiche alle Convenzioni internazionali sottoscritte dal nostro Paese.<\/p>\n\n\n\n<p>Questo modello ha una funzione di indirizzo per l\u2019Ente, e mira a prevenire eventuali responsabilit\u00e0 penali in capo al medesimo.<\/p>\n\n\n\n<p><strong>Exacta S.p.A<\/strong>. ha ritenuto opportuno adottare, con progressiva estensione alle altre Societ\u00e0 del Gruppo da perfezionarsi nei prossimi mesi, un proprio<strong> Modello di gestione<\/strong>.<\/p>\n\n\n\n<p style=\"text-decoration:none\">Per concretizzare questo importante risultato, sono state svolte numerose azioni che hanno richiesto il coinvolgimento di tutte le Funzioni aziendali, ed in sintesi si \u00e8 provveduto a:<\/p>\n\n\n\n<p style=\"text-decoration:none\"><br>1. Effettuare la <strong>valutazione del rischio<\/strong> (risk assesment), per individuare, analizzare e, ove necessario, modificare le aree di attivit\u00e0 aziendali nel cui ambito si configura il rischio di commissione di illeciti;<\/p>\n\n\n\n<p style=\"text-decoration:none\"><br>2. Implementare delle <strong>procedure specifiche<\/strong>, in grado di gestire il rischio, prevenendo la commissione di condotte illecite nelle aree in cui il rischio di reato \u00e8 pi\u00f9 elevato;<\/p>\n\n\n\n<p style=\"text-decoration:none\"><br>3. Definire la struttura gestionale per la <strong>prevenzione dei reati<\/strong>, ossia i principi etici, le decisioni, le risorse (umane, economiche, formative, informative), le responsabilit\u00e0 ed i flussi di informazione, che consentono di applicare ed aggiornare le procedure di prevenzione e di rilevare, nel tempo, eventuali nuove aree di rischio;<\/p>\n\n\n\n<p style=\"text-decoration:none\"><br>4. Istituire <strong>obblighi di informazione<\/strong> nei confronti dell&#8217;organismo deputato a vigilare sul funzionamento e sull&#8217;osservanza del modello organizzativo;<\/p>\n\n\n\n<p style=\"text-decoration:none\"><br>5.  Introdurre un <strong>sistema disciplinare <\/strong>idoneo a sanzionare il mancato rispetto delle misure indicate.<\/p>\n\n\n\n<p>Particolare attenzione, da parte di Exacta, \u00e8 stata posta nella realizzazione del proprio Modello di Gestione, partendo dal presupposto che ogni sistema deve essere elaborato \u201c<strong>su misura<\/strong>\u201d della realt\u00e0 organizzativa di riferimento e dipendere dalle caratteristiche dell\u2019Impresa, dalle attivit\u00e0 in essa svolte, dai diversi processi produttivi, dai contesti in cui opera e dagli interlocutori con cui essa interagisce, in modo tale da poter far fronte nel migliore dei modi alle diverse esigenze che emergono nella quotidianit\u00e0 operativa.<\/p>\n\n\n\n<hr class=\"wp-block-separator has-alpha-channel-opacity\"\/>\n\n\n\n<div style=\"height:9px\" aria-hidden=\"true\" class=\"wp-block-spacer\"><\/div>\n\n\n\n<p><em>Per approfondimenti:<\/em> <a href=\"https:\/\/www.exactaspa.it\/index.php\/compliance\/\">https:\/\/www.exactaspa.it\/index.php\/compliance\/<\/a><\/p>\n\n\n\n<p><\/p>\n","protected":false},"excerpt":{"rendered":"<p>L\u2019accezione \u201cModello di organizzazione, gestione e controllo\u201d o, pi\u00f9 semplicemente, \u201cModello 231\u201d fa riferimento a tutto il complesso organizzativo e di atti, regole, procedure e modalit\u00e0 operative adottati dagli Enti in seguito al recepimento del Decreto Legislativo 8 giugno 2001 n. 231, che introduce la \u201cdisciplina della responsabilit\u00e0 amministrativa delle persone giuridiche, delle societ\u00e0 e [&hellip;]<\/p>\n","protected":false},"author":3,"featured_media":1237,"comment_status":"closed","ping_status":"closed","sticky":false,"template":"","format":"standard","meta":{"_monsterinsights_skip_tracking":false,"_monsterinsights_sitenote_active":false,"_monsterinsights_sitenote_note":"","_monsterinsights_sitenote_category":0,"footnotes":""},"categories":[12],"tags":[],"class_list":["post-1236","post","type-post","status-publish","format-standard","has-post-thumbnail","hentry","category-news"],"_links":{"self":[{"href":"https:\/\/www.exactaspa.it\/index.php\/wp-json\/wp\/v2\/posts\/1236","targetHints":{"allow":["GET"]}}],"collection":[{"href":"https:\/\/www.exactaspa.it\/index.php\/wp-json\/wp\/v2\/posts"}],"about":[{"href":"https:\/\/www.exactaspa.it\/index.php\/wp-json\/wp\/v2\/types\/post"}],"author":[{"embeddable":true,"href":"https:\/\/www.exactaspa.it\/index.php\/wp-json\/wp\/v2\/users\/3"}],"replies":[{"embeddable":true,"href":"https:\/\/www.exactaspa.it\/index.php\/wp-json\/wp\/v2\/comments?post=1236"}],"version-history":[{"count":1,"href":"https:\/\/www.exactaspa.it\/index.php\/wp-json\/wp\/v2\/posts\/1236\/revisions"}],"predecessor-version":[{"id":14558,"href":"https:\/\/www.exactaspa.it\/index.php\/wp-json\/wp\/v2\/posts\/1236\/revisions\/14558"}],"wp:featuredmedia":[{"embeddable":true,"href":"https:\/\/www.exactaspa.it\/index.php\/wp-json\/wp\/v2\/media\/1237"}],"wp:attachment":[{"href":"https:\/\/www.exactaspa.it\/index.php\/wp-json\/wp\/v2\/media?parent=1236"}],"wp:term":[{"taxonomy":"category","embeddable":true,"href":"https:\/\/www.exactaspa.it\/index.php\/wp-json\/wp\/v2\/categories?post=1236"},{"taxonomy":"post_tag","embeddable":true,"href":"https:\/\/www.exactaspa.it\/index.php\/wp-json\/wp\/v2\/tags?post=1236"}],"curies":[{"name":"wp","href":"https:\/\/api.w.org\/{rel}","templated":true}]}}