{"id":14506,"date":"2023-07-27T12:00:22","date_gmt":"2023-07-27T10:00:22","guid":{"rendered":"https:\/\/www.exactaspa.it\/?p=1279"},"modified":"2026-04-02T10:01:14","modified_gmt":"2026-04-02T08:01:14","slug":"il-nuovo-ad-di-creden-uninteressante-chiacchierata-con-gabriele-lo-stimolo","status":"publish","type":"post","link":"https:\/\/www.exactaspa.it\/index.php\/2023\/07\/27\/il-nuovo-ad-di-creden-uninteressante-chiacchierata-con-gabriele-lo-stimolo\/","title":{"rendered":"Il nuovo AD di Creden. Un&#8217;interessante chiacchierata con Gabriele Lo Stimolo"},"content":{"rendered":"\r\n<p><strong>Raccontaci un po\u2019 di te, delle tue esperienze professionali e personali.<\/strong><\/p>\r\n\r\n\r\n\r\n<p>Prima di tutto, vorrei ringraziare Creden e il Gruppo Exacta per avermi dato la straordinaria opportunit\u00e0 di guidare l&#8217;azienda in un futuro promettente. Ho dedicato la mia vita professionale all\u2019acquisizione, gestione e valorizzazione di crediti in sofferenza e all&#8217;individuazione delle migliori strategie d\u2019investimento immobiliare.<\/p>\r\n\r\n\r\n\r\n<p>Ho iniziato nel 2006 in una societ\u00e0 operante nel settore dei crediti e nel mercato delle aste giudiziarie, gestendo dapprima le operazioni immobiliari a saldo e stralcio e successivamente ricoprendo il ruolo di Head of Operations nella cartolarizzazione di crediti non performing, coordinando il team Real Estate, l&#8217;ufficio Legale e il Master Service. Dopo un\u2019esperienza triennale in un\u2019importante societ\u00e0 del settore creditizio, nel 2015 ho fondato Suits NPL, societ\u00e0 specializzata nella gestione, valorizzazione, acquisizione di Non Performing Loans. Nel 2018 Helios SPV, societ\u00e0 veicolo di cartolarizzazione ai sensi della legge 130\/99 e nel 2021 Helios Immoservices, societ\u00e0 immobiliare specializzata nell&#8217;acquisizione e gestione di immobili da procedure concorsuali e procedure esecutive.<\/p>\r\n\r\n\r\n\r\n<p>Nella vita privata sono felicemente sposato e padre di tre fantastiche figlie. Sportivo da sempre, trascorro il mio tempo libero con la famiglia, tra i campi da golf e le piste da sci. Oggi sono onorato di portare in Creden tutto quello che ho imparato, creando, dirigendo e amministrando societ\u00e0, con l\u2019obiettivo di aumentare risultati e benessere in azienda.<\/p>\r\n\r\n\r\n\r\n<p><strong>Come nuovo Amministratore Delegato, come vedi Creden all\u2019interno del Gruppo Exacta?<\/strong><\/p>\r\n\r\n\r\n\r\n<p>L\u2019ingresso di Creden nel Gruppo Exacta \u00e8 una pietra miliare nel percorso di crescita aziendale. Nel mercato attuale, estremamente competitivo, far parte di un gruppo con oltre 30 anni di esperienza nel settore della gestione del credito, della formazione e della consulenza, consentir\u00e0 a Creden di fare quel salto di qualit\u00e0 necessario per rafforzare la posizione nel mercato e alzare ancor di pi\u00f9 gli standard in qualit\u00e0 e risultati.<\/p>\r\n\r\n\r\n\r\n<p>Allo stesso modo il Gruppo, con l\u2019acquisizione di Creden, si afferma sempre pi\u00f9 nel ruolo di Special Servicer per le attivit\u00e0 di gestione e recupero di crediti, ampliando l\u2019offerta nel ramo Utilities e Master Legal di competenza di Creden. Creden \u00e8 quindi un asset strategico nell\u2019evoluzione del gruppo.<\/p>\r\n\r\n\r\n\r\n<p><strong>In questi mesi hai partecipato attivamente alla vita aziendale e di gruppo. Quale impressione hai maturato circa il rapporto di Creden con il mercato di riferimento?<\/strong><\/p>\r\n\r\n\r\n\r\n<p>Mi sono unito a questa azienda in un momento cruciale in cui il settore del recupero crediti sta attraversando una serie di cambiamenti significativi. Tuttavia, credo fermamente che questa sia un&#8217;opportunit\u00e0 per noi di rafforzare la nostra posizione di leadership e di ridefinire il modo in cui operiamo, guidati dalla nostra missione di aiutare i creditori a recuperare i propri crediti in modo etico ed efficace.<\/p>\r\n\r\n\r\n\r\n<p>Creden \u00e8 certamente un\u2019eccellenza nella gestione del credito e punto di riferimento nel mercato. Un mercato in costante cambiamento che richiede di evolversi e migliorarsi ogni giorno per rispondere prontamente alle richieste mutevoli dei clienti. Per rimanere competitivi \u00e8 fondamentale restare connessi con le esigenze di tutti gli stakeholder, ascoltando le richieste dei clienti per soddisfare ancora meglio i loro bisogni. Una crescita a beneficio dei clienti, che passa necessariamente anche dal confronto attivo con gli altri players del mercato.<\/p>\r\n\r\n\r\n\r\n<p>Parole chiave: ascolto, adattamento, interazione, personalizzazione, cambiamento.<\/p>\r\n\r\n\r\n\r\n<p><strong>Quali sono le priorit\u00e0 in agenda?<\/strong><\/p>\r\n\r\n\r\n\r\n<p>Il mio primo impegno \u00e8 quello di garantire che l&#8217;azienda rimanga all&#8217;avanguardia nel settore. Ci\u00f2 richieder\u00e0 un costante sforzo nell&#8217;adottare nuove tecnologie e strumenti digitali che ci consentiranno di migliorare l&#8217;efficienza operativa e di offrire un servizio ancora migliore ai nostri clienti. Voglio che siamo pionieri nell&#8217;utilizzo di nuove tecnologie per analizzare e interpretare i dati dei nostri debitori, consentendoci di sviluppare strategie personalizzate per il recupero dei crediti. Inoltre, dobbiamo rafforzare la nostra presenza sul mercato e ampliare il nostro portfolio di clienti. Per farlo, lavorer\u00f2 a stretto contatto con il team di vendite per identificare nuove opportunit\u00e0 di business e collaborazioni strategiche che ci permettano di crescere in modo sostenibile. Insieme, svilupperemo un piano di marketing ambizioso per aumentare la nostra visibilit\u00e0 e consolidare la nostra reputazione come partner affidabile nel settore del recupero crediti.<\/p>\r\n\r\n\r\n\r\n<p>Le priorit\u00e0 sono migliorarsi e evolversi per rafforzare il posizionamento di mercato e le performance all\u2019interno delle commesse in corso, valorizzando le eccellenze dei servizi e delle nostre risorse umane. L\u2019incremento delle performance e risposte ancora pi\u00f9 coerenti alle aspettative dei clienti passano inevitabilmente dalla soddisfazione dei nostri dipendenti e da un maggiore senso di appartenenza.<\/p>\r\n\r\n\r\n\r\n<p>Il successo di un&#8217;azienda non pu\u00f2 prescindere dal suo team di talenti. Pertanto, investiremo nella formazione e nello sviluppo delle competenze dei nostri dipendenti, offrendo loro le risorse e il supporto necessari per avere successo nel loro lavoro. Voglio che ogni membro del team sia coinvolto nel processo decisionale e abbia la possibilit\u00e0 di condividere idee innovative che possano contribuire al nostro successo collettivo. Con il gruppo stiamo mettendo in atto una serie di accorgimenti per migliorare la permanenza dei collaboratori in Creden: revisione dei contratti collettivi di lavoro, nuovi uffici, Academy di gruppo, HR marketing, ottimizzazione dei processi.<\/p>\r\n\r\n\r\n\r\n<p><strong>Alla luce di queste considerazioni quali prospettive intravedi per il prossimo futuro?<\/strong><\/p>\r\n\r\n\r\n\r\n<p>Una societ\u00e0 leader nel mercato, con alle spalle un gruppo consolidato che crede fermamente nel progetto, un piano di miglioramenti a beneficio nostro e della nostra clientela sono le fondamenta di una bella sfida che non pu\u00f2 che essere vincente.<\/p>\r\n\r\n\r\n\r\n<p>Ma il mio impegno \u00e8 anche quello di guidare l&#8217;azienda nel rispetto dei pi\u00f9 elevati standard etici. Il recupero dei crediti pu\u00f2 essere un settore delicato, e sar\u00e0 nostra responsabilit\u00e0 assicurarci che tutte le pratiche adottate siano conformi alle normative vigenti e rispettose dei diritti dei debitori. Voglio che l&#8217;azienda sia riconosciuta per la sua integrit\u00e0 e la sua responsabilit\u00e0 nell&#8217;operare in modo trasparente ed equo.<\/p>\r\n\r\n\r\n\r\n<p>Guardo al futuro con grande ottimismo e determinazione. Con il supporto del team e l\u2019impegno comune, sono sicuro che possiamo trasformare questa azienda in un punto di riferimento nel settore. Siamo pronti ad affrontare le sfide, ad abbracciare le opportunit\u00e0 e a creare un futuro di successo per tutti noi.<\/p>\r\n","protected":false},"excerpt":{"rendered":"<p>Raccontaci un po\u2019 di te, delle tue esperienze professionali e personali. Prima di tutto, vorrei ringraziare Creden e il Gruppo Exacta per avermi dato la straordinaria opportunit\u00e0 di guidare l&#8217;azienda in un futuro promettente. Ho dedicato la mia vita professionale all\u2019acquisizione, gestione e valorizzazione di crediti in sofferenza e all&#8217;individuazione delle migliori strategie d\u2019investimento immobiliare. [&hellip;]<\/p>\n","protected":false},"author":3,"featured_media":14710,"comment_status":"closed","ping_status":"closed","sticky":false,"template":"","format":"standard","meta":{"_monsterinsights_skip_tracking":false,"_monsterinsights_sitenote_active":false,"_monsterinsights_sitenote_note":"","_monsterinsights_sitenote_category":0,"footnotes":""},"categories":[12],"tags":[],"class_list":["post-14506","post","type-post","status-publish","format-standard","has-post-thumbnail","hentry","category-news"],"_links":{"self":[{"href":"https:\/\/www.exactaspa.it\/index.php\/wp-json\/wp\/v2\/posts\/14506","targetHints":{"allow":["GET"]}}],"collection":[{"href":"https:\/\/www.exactaspa.it\/index.php\/wp-json\/wp\/v2\/posts"}],"about":[{"href":"https:\/\/www.exactaspa.it\/index.php\/wp-json\/wp\/v2\/types\/post"}],"author":[{"embeddable":true,"href":"https:\/\/www.exactaspa.it\/index.php\/wp-json\/wp\/v2\/users\/3"}],"replies":[{"embeddable":true,"href":"https:\/\/www.exactaspa.it\/index.php\/wp-json\/wp\/v2\/comments?post=14506"}],"version-history":[{"count":1,"href":"https:\/\/www.exactaspa.it\/index.php\/wp-json\/wp\/v2\/posts\/14506\/revisions"}],"predecessor-version":[{"id":14711,"href":"https:\/\/www.exactaspa.it\/index.php\/wp-json\/wp\/v2\/posts\/14506\/revisions\/14711"}],"wp:featuredmedia":[{"embeddable":true,"href":"https:\/\/www.exactaspa.it\/index.php\/wp-json\/wp\/v2\/media\/14710"}],"wp:attachment":[{"href":"https:\/\/www.exactaspa.it\/index.php\/wp-json\/wp\/v2\/media?parent=14506"}],"wp:term":[{"taxonomy":"category","embeddable":true,"href":"https:\/\/www.exactaspa.it\/index.php\/wp-json\/wp\/v2\/categories?post=14506"},{"taxonomy":"post_tag","embeddable":true,"href":"https:\/\/www.exactaspa.it\/index.php\/wp-json\/wp\/v2\/tags?post=14506"}],"curies":[{"name":"wp","href":"https:\/\/api.w.org\/{rel}","templated":true}]}}