{"id":928,"date":"2022-07-13T11:57:34","date_gmt":"2022-07-13T09:57:34","guid":{"rendered":"https:\/\/www.exactaspa.it\/?p=928"},"modified":"2026-04-02T10:02:18","modified_gmt":"2026-04-02T08:02:18","slug":"successi-e-nuovi-orizzonti-un-futuro-di-innovazione-e-digitalizzazione","status":"publish","type":"post","link":"https:\/\/www.exactaspa.it\/index.php\/2022\/07\/13\/successi-e-nuovi-orizzonti-un-futuro-di-innovazione-e-digitalizzazione\/","title":{"rendered":"Successi e nuovi orizzonti: Il Presidente Oreglia racconta i traguardi raggiunti e le nuove prospettive per il Gruppo"},"content":{"rendered":"<p><\/p>\n\n\n<h1 class=\"wp-block-heading\"><img fetchpriority=\"high\" decoding=\"async\" src=\"https:\/\/www.exactaspa.it\/wp-content\/uploads\/2022\/07\/Progetto-senza-titolo.png\" alt=\"\" width=\"400\" height=\"400\"><\/h1>\n\n\n\n<blockquote class=\"wp-block-quote is-layout-flow wp-block-quote-is-layout-flow\"><p>Il 2022 \u00e8 stato un anno ricco di sfide, ma soprattutto di traguardi raggiunti.<br>La ripartenza delle attivit\u00e0 di <a href=\"https:\/\/www.areariscossioni.it\/\" data-type=\"URL\" data-id=\"https:\/\/www.areariscossioni.it\/\">Area S.r.l<\/a>, l\u2019ingresso di <a href=\"https:\/\/www.creden.it\/\" data-type=\"URL\" data-id=\"https:\/\/www.creden.it\/\">Creden<\/a>, l\u2019entrata di <a href=\"https:\/\/actaconsulting.it\/\" data-type=\"URL\" data-id=\"https:\/\/actaconsulting.it\/\">Acta Consulting<\/a>, la gestione di un importante portafoglio Npl, l\u2019integrazione tra <a href=\"https:\/\/www.dasein.it\/\" data-type=\"URL\" data-id=\"https:\/\/www.dasein.it\/\">Dasein<\/a> e Area S.r.l: sono solo alcuni dei passi salienti di questo semestre. Ma altrettanto significative sono state le tappe che ci hanno condotto fin qui. A partire dallo sviluppo strutturale e organizzativo delle nostre sedi, all\u2019implementazione e alla creazione di nuove tecnologie e all\u2019ingresso di giovani risorse in organico. Tutto ci\u00f2 ha permesso di ampliare la nostra offerta sul mercato. L\u2019evoluzione del nostro ecosistema ha portato con s\u00e9 una ridefinizione del gruppo stesso, aprendo i nostri orizzonti e ponendoci di fronte a sentieri da esplorare.<br>La capillarit\u00e0 dei servizi che siamo in grado di offrire fa di noi un esempio alternativo di vedere e pensare il mercato stesso: un unico interlocutore per molteplici servizi. Due parole chiave segnano il nostro cammino: <strong>tecnologia<\/strong> e <strong>persone<\/strong>.<\/p><p>La <strong>digitalizzazione<\/strong> e l\u2019<strong>innovazione<\/strong> sono cantieri sempre aperti. Ne \u00e8 un esempio il lavoro che stiamo affrontando per dotare il gruppo di competenze in materia di <strong>Intelligenza Artificiale<\/strong>. Per rendere il tutto realizzabile sar\u00e0 necessario sostenere e incoraggiare la creazione di un ambiente sempre pi\u00f9 integrato e consolidato, dove il dialogo, la creativit\u00e0 e lo scambio di idee siano in grado di generare un continuum di sviluppo e innovazione. Il futuro che abbiamo immaginato e che stiamo trasformando in realt\u00e0, fonda le proprie radici sulla valorizzazione delle risorse umane. Il nostro punto di forza sono le persone e per questo continueremo ad investire sulla crescita di tutti i collaboratori, per sostenere le loro competenze e premiare la voglia di mettersi in gioco, favorendo l\u2019evoluzione del Gruppo. Sono consapevole che il cambiamento porti con s\u00e9 un maggiore impegno e questa attitudine ci rende differenti. Sono questi i valori che porteremo all\u2019Assemblea dell\u2019<a href=\"https:\/\/www.anci.it\/\" data-type=\"URL\" data-id=\"https:\/\/www.anci.it\/\">ANCI<\/a>, che quest\u2019anno si terr\u00e0 a Bergamo a inizio novembre. Per la prima volta parteciperemo con un\u2019area espositiva completamente dedicata al nostro Gruppo.<\/p><\/blockquote>\n\n\n<p><\/p>","protected":false},"excerpt":{"rendered":"<p>Il 2022 \u00e8 stato un anno ricco di sfide, ma soprattutto di traguardi raggiunti.La ripartenza delle attivit\u00e0 di Area S.r.l, l\u2019ingresso di Creden, l\u2019entrata di Acta Consulting, la gestione di un importante portafoglio Npl, l\u2019integrazione tra Dasein e Area S.r.l: sono solo alcuni dei passi salienti di questo semestre. Ma altrettanto significative sono state le [&hellip;]<\/p>\n","protected":false},"author":3,"featured_media":871,"comment_status":"closed","ping_status":"closed","sticky":false,"template":"","format":"standard","meta":{"_monsterinsights_skip_tracking":false,"_monsterinsights_sitenote_active":false,"_monsterinsights_sitenote_note":"","_monsterinsights_sitenote_category":0,"footnotes":""},"categories":[12],"tags":[],"class_list":["post-928","post","type-post","status-publish","format-standard","has-post-thumbnail","hentry","category-news"],"_links":{"self":[{"href":"https:\/\/www.exactaspa.it\/index.php\/wp-json\/wp\/v2\/posts\/928","targetHints":{"allow":["GET"]}}],"collection":[{"href":"https:\/\/www.exactaspa.it\/index.php\/wp-json\/wp\/v2\/posts"}],"about":[{"href":"https:\/\/www.exactaspa.it\/index.php\/wp-json\/wp\/v2\/types\/post"}],"author":[{"embeddable":true,"href":"https:\/\/www.exactaspa.it\/index.php\/wp-json\/wp\/v2\/users\/3"}],"replies":[{"embeddable":true,"href":"https:\/\/www.exactaspa.it\/index.php\/wp-json\/wp\/v2\/comments?post=928"}],"version-history":[{"count":1,"href":"https:\/\/www.exactaspa.it\/index.php\/wp-json\/wp\/v2\/posts\/928\/revisions"}],"predecessor-version":[{"id":14562,"href":"https:\/\/www.exactaspa.it\/index.php\/wp-json\/wp\/v2\/posts\/928\/revisions\/14562"}],"wp:featuredmedia":[{"embeddable":true,"href":"https:\/\/www.exactaspa.it\/index.php\/wp-json\/wp\/v2\/media\/871"}],"wp:attachment":[{"href":"https:\/\/www.exactaspa.it\/index.php\/wp-json\/wp\/v2\/media?parent=928"}],"wp:term":[{"taxonomy":"category","embeddable":true,"href":"https:\/\/www.exactaspa.it\/index.php\/wp-json\/wp\/v2\/categories?post=928"},{"taxonomy":"post_tag","embeddable":true,"href":"https:\/\/www.exactaspa.it\/index.php\/wp-json\/wp\/v2\/tags?post=928"}],"curies":[{"name":"wp","href":"https:\/\/api.w.org\/{rel}","templated":true}]}}